{"id":3500,"date":"2024-12-26T14:09:11","date_gmt":"2024-12-26T12:09:11","guid":{"rendered":"https:\/\/baerenbob.de\/?p=3500"},"modified":"2024-12-26T14:09:11","modified_gmt":"2024-12-26T12:09:11","slug":"leckeres-eis-fuer-den-waldkindergarten-in-grafenau","status":"publish","type":"post","link":"https:\/\/baerenbob.de\/?p=3500","title":{"rendered":"Leckeres Eis f\u00fcr den Waldkindergarten in Grafenau"},"content":{"rendered":"<p>Am 12.12.2024 wurde der Waldkindergarten Grafenau mit einer ganz besonderen \u00dcberraschung begl\u00fcckt: Die B\u00e4renbob-Familie spendete fast 40 Kindern leckeres Eis und eine Freifahrkarte f\u00fcr ein Rodelabenteuer beim B\u00e4renbob \u2013 was f\u00fcr gro\u00dfe Begeisterung sorgte.<\/p>\n<p>Mit strahlenden Gesichtern und voller Vorfreude nahmen die Kinder das Eis entgegen, das zum Highlight des Tages wurde. Die \u00dcbergabe fand nach der Brotzeit in ihren R\u00e4umen im Wald bei Rosenau statt, wo die Kinder gemeinsam das k\u00fchle Vergn\u00fcgen genossen, bevor es wieder hinaus in die Natur ging. \u201eEs ist sch\u00f6n, den Kindern eine kleine Freude zu bereiten. Es gibt nichts Sch\u00f6neres, als ihre leuchtenden Augen zu sehen\u201c, sagte die Gesch\u00e4ftsf\u00fchrerin Isabella Weber.<\/p>\n<p>Die Aktion wurde von der Kindergartenleitung des Waldkindergartens Grafenau, Andrea K\u00f6nig und ihrem Team, herzlich begr\u00fc\u00dft. \u201eSolche spontanen \u00dcberraschungen machen den Kindergartenalltag hier noch besonderer und sorgen f\u00fcr eine Abwechslung \u201c, so K\u00f6nig.<\/p>\n<figure id=\"attachment_3501\" aria-describedby=\"caption-attachment-3501\" style=\"width: 300px\" class=\"wp-caption alignnone\"><a href=\"https:\/\/baerenbob.de\/wp-content\/uploads\/2024\/12\/Eisuebergabe-verkleinert.jpg\"><img fetchpriority=\"high\" decoding=\"async\" class=\"size-medium wp-image-3501\" src=\"https:\/\/baerenbob.de\/wp-content\/uploads\/2024\/12\/Eisuebergabe-verkleinert-300x224.jpg\" alt=\"Gelungene \u00dcberraschung im Waldkindergarten\" width=\"300\" height=\"224\" srcset=\"https:\/\/baerenbob.de\/wp-content\/uploads\/2024\/12\/Eisuebergabe-verkleinert-300x224.jpg 300w, https:\/\/baerenbob.de\/wp-content\/uploads\/2024\/12\/Eisuebergabe-verkleinert.jpg 601w\" sizes=\"(max-width: 300px) 100vw, 300px\" \/><\/a><figcaption id=\"caption-attachment-3501\" class=\"wp-caption-text\">Kindergartenleitung Andrea K\u00f6nig freut sich \u00fcber die Eisspende, die von Vincent und Isabella Weber \u00fcberbracht wurde<\/figcaption><\/figure>\n","protected":false},"excerpt":{"rendered":"<p>Am 12.12.2024 wurde der Waldkindergarten Grafenau mit einer ganz besonderen \u00dcberraschung begl\u00fcckt: Die B\u00e4renbob-Familie spendete fast 40 Kindern leckeres Eis und eine Freifahrkarte f\u00fcr ein Rodelabenteuer beim B\u00e4renbob \u2013 was f\u00fcr gro\u00dfe Begeisterung sorgte. Mit strahlenden Gesichtern und voller Vorfreude nahmen die Kinder das Eis entgegen, das zum Highlight des Tages wurde. Die \u00dcbergabe fand [&hellip;]<\/p>\n","protected":false},"author":3,"featured_media":0,"comment_status":"closed","ping_status":"closed","sticky":false,"template":"","format":"standard","meta":{"inline_featured_image":false,"footnotes":""},"categories":[1],"tags":[],"class_list":["post-3500","post","type-post","status-publish","format-standard","hentry","category-allgemein"],"_links":{"self":[{"href":"https:\/\/baerenbob.de\/index.php?rest_route=\/wp\/v2\/posts\/3500","targetHints":{"allow":["GET"]}}],"collection":[{"href":"https:\/\/baerenbob.de\/index.php?rest_route=\/wp\/v2\/posts"}],"about":[{"href":"https:\/\/baerenbob.de\/index.php?rest_route=\/wp\/v2\/types\/post"}],"author":[{"embeddable":true,"href":"https:\/\/baerenbob.de\/index.php?rest_route=\/wp\/v2\/users\/3"}],"replies":[{"embeddable":true,"href":"https:\/\/baerenbob.de\/index.php?rest_route=%2Fwp%2Fv2%2Fcomments&post=3500"}],"version-history":[{"count":1,"href":"https:\/\/baerenbob.de\/index.php?rest_route=\/wp\/v2\/posts\/3500\/revisions"}],"predecessor-version":[{"id":3502,"href":"https:\/\/baerenbob.de\/index.php?rest_route=\/wp\/v2\/posts\/3500\/revisions\/3502"}],"wp:attachment":[{"href":"https:\/\/baerenbob.de\/index.php?rest_route=%2Fwp%2Fv2%2Fmedia&parent=3500"}],"wp:term":[{"taxonomy":"category","embeddable":true,"href":"https:\/\/baerenbob.de\/index.php?rest_route=%2Fwp%2Fv2%2Fcategories&post=3500"},{"taxonomy":"post_tag","embeddable":true,"href":"https:\/\/baerenbob.de\/index.php?rest_route=%2Fwp%2Fv2%2Ftags&post=3500"}],"curies":[{"name":"wp","href":"https:\/\/api.w.org\/{rel}","templated":true}]}}